{"id":3724,"date":"2026-09-05T21:36:33","date_gmt":"2026-09-05T19:36:33","guid":{"rendered":"https:\/\/spkielnarowa.pl\/?p=3724"},"modified":"2026-09-05T21:36:33","modified_gmt":"2026-09-05T19:36:33","slug":"dziekujemy-naszym-rodzicom","status":"publish","type":"post","link":"https:\/\/spkielnarowa.pl\/index.php\/2026\/09\/05\/dziekujemy-naszym-rodzicom\/","title":{"rendered":"Dzi\u0119kujemy naszym Rodzicom!"},"content":{"rendered":"\n<p class=\"wp-block-paragraph\">Dzi\u0119kujemy naszym wspania\u0142ym Rodzicom za zaanga\u017cowanie, wsparcie i przede wszystkim za czas, kt\u00f3ry po\u015bwi\u0119cili dla naszych dzieci i naszej szko\u0142y<\/p>\n\n\n\n<p class=\"wp-block-paragraph\">\u00a0Dzi\u0119ki Rodzicom, kt\u00f3rzy ufundowali farb\u0119, oraz Sponsorowi, kt\u00f3ry prosi\u0142 o nieujawnianie imienia, mogli\u015bmy nada\u0107 naszemu placowi zabaw nowe, kolorowe oblicze<\/p>\n\n\n\n<p class=\"wp-block-paragraph\">&nbsp;A potem przyszed\u0142 czas na dzia\u0142anie \u2013 dwa dni wsp\u00f3lnej pracy. Efekt? Kolorowy plac zabaw.<br>Szczeg\u00f3lne podzi\u0119kowania kierujemy do Przewodnicz\u0105cej Rady Rodzic\u00f3w \u2013 Pani Jadzi Czarnik, kt\u00f3ra koordynowa\u0142a wszystkie dzia\u0142ania<\/p>\n\n\n\n<p class=\"wp-block-paragraph\">.<br>To w\u0142a\u015bnie dzi\u0119ki takim ludziom szko\u0142a staje si\u0119 czym\u015b wi\u0119cej ni\u017c tylko budynkiem \u2013 staje si\u0119 wsp\u00f3lnym miejscem, o kt\u00f3re razem dbamy i kt\u00f3re tworzymy dla naszych dzieci<\/p>\n\n\n\n<p class=\"wp-block-paragraph\">.<br>Drodzy Rodzice! SERDECZNIE DZI\u0118KUJEMY!*<\/p>\n\n\n\n<figure class=\"wp-block-image is-resized\"><img loading=\"lazy\" decoding=\"async\" width=\"16\" height=\"16\" src=\"https:\/\/spkielnarowa.pl\/wp-content\/uploads\/2026\/09\/1f337.png\" alt=\"\ud83c\udf37\" class=\"wp-image-3726\" style=\"aspect-ratio:1;width:16px;height:auto\"\/><\/figure>\n\n\n\n<figure class=\"wp-block-image size-large\"><img loading=\"lazy\" decoding=\"async\" width=\"723\" height=\"1024\" src=\"https:\/\/spkielnarowa.pl\/wp-content\/uploads\/2026\/09\/image-3-723x1024.png\" alt=\"\" class=\"wp-image-3725\" srcset=\"https:\/\/spkielnarowa.pl\/wp-content\/uploads\/2026\/09\/image-3-723x1024.png 723w, https:\/\/spkielnarowa.pl\/wp-content\/uploads\/2026\/09\/image-3-212x300.png 212w, https:\/\/spkielnarowa.pl\/wp-content\/uploads\/2026\/09\/image-3-768x1087.png 768w, https:\/\/spkielnarowa.pl\/wp-content\/uploads\/2026\/09\/image-3.png 1054w\" sizes=\"auto, (max-width: 723px) 100vw, 723px\" \/><\/figure>\n","protected":false},"excerpt":{"rendered":"<p>Dzi\u0119kujemy naszym wspania\u0142ym Rodzicom za zaanga\u017cowanie, wsparcie i przede wszystkim za czas, kt\u00f3ry po\u015bwi\u0119cili dla naszych dzieci i naszej szko\u0142y \u00a0Dzi\u0119ki Rodzicom, kt\u00f3rzy ufundowali farb\u0119, oraz Sponsorowi, kt\u00f3ry prosi\u0142 o nieujawnianie imienia, mogli\u015bmy nada\u0107 naszemu placowi zabaw nowe, kolorowe oblicze &nbsp;A potem przyszed\u0142 czas na dzia\u0142anie \u2013 dwa dni wsp\u00f3lnej pracy. Efekt? Kolorowy plac zabaw.Szczeg\u00f3lne [&hellip;]<\/p>\n","protected":false},"author":6,"featured_media":0,"comment_status":"closed","ping_status":"closed","sticky":false,"template":"","format":"standard","meta":{"ngg_post_thumbnail":0,"footnotes":""},"categories":[5],"tags":[],"class_list":["post-3724","post","type-post","status-publish","format-standard","category-aktualnosci","czr-hentry"],"featured_image_src":"","blog_images":{"medium":"","large":""},"ams_acf":[],"_links":{"self":[{"href":"https:\/\/spkielnarowa.pl\/index.php\/wp-json\/wp\/v2\/posts\/3724","targetHints":{"allow":["GET"]}}],"collection":[{"href":"https:\/\/spkielnarowa.pl\/index.php\/wp-json\/wp\/v2\/posts"}],"about":[{"href":"https:\/\/spkielnarowa.pl\/index.php\/wp-json\/wp\/v2\/types\/post"}],"author":[{"embeddable":true,"href":"https:\/\/spkielnarowa.pl\/index.php\/wp-json\/wp\/v2\/users\/6"}],"replies":[{"embeddable":true,"href":"https:\/\/spkielnarowa.pl\/index.php\/wp-json\/wp\/v2\/comments?post=3724"}],"version-history":[{"count":1,"href":"https:\/\/spkielnarowa.pl\/index.php\/wp-json\/wp\/v2\/posts\/3724\/revisions"}],"predecessor-version":[{"id":3727,"href":"https:\/\/spkielnarowa.pl\/index.php\/wp-json\/wp\/v2\/posts\/3724\/revisions\/3727"}],"wp:attachment":[{"href":"https:\/\/spkielnarowa.pl\/index.php\/wp-json\/wp\/v2\/media?parent=3724"}],"wp:term":[{"taxonomy":"category","embeddable":true,"href":"https:\/\/spkielnarowa.pl\/index.php\/wp-json\/wp\/v2\/categories?post=3724"},{"taxonomy":"post_tag","embeddable":true,"href":"https:\/\/spkielnarowa.pl\/index.php\/wp-json\/wp\/v2\/tags?post=3724"}],"curies":[{"name":"wp","href":"https:\/\/api.w.org\/{rel}","templated":true}]}}