{"id":3708,"date":"2026-09-05T21:27:01","date_gmt":"2026-09-05T19:27:01","guid":{"rendered":"https:\/\/spkielnarowa.pl\/?p=3708"},"modified":"2026-09-05T21:31:38","modified_gmt":"2026-09-05T19:31:38","slug":"rozpoczelismy-nowy-rok-szkolny-2026-2027-2","status":"publish","type":"post","link":"https:\/\/spkielnarowa.pl\/index.php\/2026\/09\/05\/rozpoczelismy-nowy-rok-szkolny-2026-2027-2\/","title":{"rendered":"ROZPOCZ\u0118LI\u015aMY NOWY ROK SZKOLNY 2026\/2027!"},"content":{"rendered":"\n<p class=\"wp-block-paragraph\"><img loading=\"lazy\" decoding=\"async\" height=\"16\" width=\"16\" alt=\"\ud83d\udcc5\" src=\"https:\/\/static.xx.fbcdn.net\/images\/emoji.php\/v9\/t7e\/1\/16\/1f4c5.png\"> 1 wrze\u015bnia, we wtorek, uroczy\u015bcie rozpocz\u0119li\u015bmy nowy rok szkolny 2026\/2027.<\/p>\n\n\n\n<p class=\"wp-block-paragraph\">Ten wyj\u0105tkowy dzie\u0144 rozpocz\u0119li\u015bmy Msz\u0105 \u015awi\u0119t\u0105 w ko\u015bciele parafialnym w Kielnarowej. Nast\u0119pnie ca\u0142a spo\u0142eczno\u015b\u0107 szkolna spotka\u0142a si\u0119 na sali gimnastycznej, gdzie wszystkich serdecznie powita\u0142a Pani Dyrektor.<\/p>\n\n\n\n<p class=\"wp-block-paragraph\">By\u0142a to r\u00f3wnie\u017c okazja do przedstawienia nowych nauczycieli oraz wychowawc\u00f3w klas. Pani Dyrektor powita\u0142a uczni\u00f3w po wakacyjnej przerwie, opowiedzia\u0142a o zmianach, kt\u00f3re zasz\u0142y w naszej szkole, oraz o przeprowadzonych remontach i planach na nadchodz\u0105cy rok.<\/p>\n\n\n\n<p class=\"wp-block-paragraph\">Szczeg\u00f3lnie wa\u017cnym momentem uroczysto\u015bci by\u0142o w\u0142\u0105czenie pierwszoklasist\u00f3w do grona uczni\u00f3w Szko\u0142y Podstawowej w Kielnarowej. Nasi najm\u0142odsi z\u0142o\u017cyli uroczyste \u015blubowanie, a nast\u0119pnie zostali symbolicznie pasowani na uczni\u00f3w klasy 1A i 1B. To wyj\u0105tkowa chwila i wa\u017cny moment w \u017cyciu ka\u017cdego dziecka \u2014 od tego dnia oficjalnie rozpoczynaj\u0105 swoj\u0105 szkoln\u0105 przygod\u0119! <img loading=\"lazy\" decoding=\"async\" height=\"16\" width=\"16\" alt=\"\u2764\ufe0f\" src=\"https:\/\/static.xx.fbcdn.net\/images\/emoji.php\/v9\/t6c\/1\/16\/2764.png\"><img loading=\"lazy\" decoding=\"async\" height=\"16\" width=\"16\" alt=\"\ud83c\udf93\" src=\"https:\/\/static.xx.fbcdn.net\/images\/emoji.php\/v9\/t25\/1\/16\/1f393.png\"><\/p>\n\n\n\n<p class=\"wp-block-paragraph\">Po cz\u0119\u015bci oficjalnej wszyscy uczniowie udali si\u0119 na pierwsze spotkania ze swoimi wychowawcami.<\/p>\n\n\n\n<p class=\"wp-block-paragraph\">Przed nami 10 miesi\u0119cy wsp\u00f3lnej nauki, nowych do\u015bwiadcze\u0144, spotka\u0144, wyzwa\u0144 i niezapomnianych chwil.<\/p>\n\n\n\n<p class=\"wp-block-paragraph\">Wszystkim Uczniom, Rodzicom, Nauczycielom i Pracownikom szko\u0142y \u017cyczymy, aby nowy rok szkolny by\u0142 pe\u0142en rado\u015bci, sukces\u00f3w, dobrych relacji i pi\u0119knych chwil. Niech b\u0119dzie czasem odkrywania w\u0142asnych talent\u00f3w, rozwijania pasji i spe\u0142niania marze\u0144!**<\/p>\n\n\n\n<p class=\"wp-block-paragraph\">Niech rok szkolny 2026\/2027 b\u0119dzie dla nas wszystkich pi\u0119kn\u0105 przygod\u0105! <img loading=\"lazy\" decoding=\"async\" height=\"16\" width=\"16\" alt=\"\ud83c\udf40\" src=\"https:\/\/static.xx.fbcdn.net\/images\/emoji.php\/v9\/t87\/1\/16\/1f340.png\"><\/p>\n\n\n\n<figure class=\"wp-block-image size-large\"><img loading=\"lazy\" decoding=\"async\" width=\"1024\" height=\"682\" src=\"https:\/\/spkielnarowa.pl\/wp-content\/uploads\/2026\/09\/DSC_2327-1024x682.jpg\" alt=\"\" class=\"wp-image-3711\" srcset=\"https:\/\/spkielnarowa.pl\/wp-content\/uploads\/2026\/09\/DSC_2327-1024x682.jpg 1024w, https:\/\/spkielnarowa.pl\/wp-content\/uploads\/2026\/09\/DSC_2327-300x200.jpg 300w, https:\/\/spkielnarowa.pl\/wp-content\/uploads\/2026\/09\/DSC_2327-767x511.jpg 767w, https:\/\/spkielnarowa.pl\/wp-content\/uploads\/2026\/09\/DSC_2327-1536x1023.jpg 1536w, https:\/\/spkielnarowa.pl\/wp-content\/uploads\/2026\/09\/DSC_2327-2048x1364.jpg 2048w\" sizes=\"auto, (max-width: 1024px) 100vw, 1024px\" \/><\/figure>\n\n\n\n<figure class=\"wp-block-image size-large\"><img loading=\"lazy\" decoding=\"async\" width=\"1024\" height=\"682\" src=\"https:\/\/spkielnarowa.pl\/wp-content\/uploads\/2026\/09\/DSC_2300-1024x682.jpg\" alt=\"\" class=\"wp-image-3712\" srcset=\"https:\/\/spkielnarowa.pl\/wp-content\/uploads\/2026\/09\/DSC_2300-1024x682.jpg 1024w, https:\/\/spkielnarowa.pl\/wp-content\/uploads\/2026\/09\/DSC_2300-300x200.jpg 300w, https:\/\/spkielnarowa.pl\/wp-content\/uploads\/2026\/09\/DSC_2300-767x511.jpg 767w, https:\/\/spkielnarowa.pl\/wp-content\/uploads\/2026\/09\/DSC_2300-1536x1023.jpg 1536w, https:\/\/spkielnarowa.pl\/wp-content\/uploads\/2026\/09\/DSC_2300-2048x1364.jpg 2048w\" sizes=\"auto, (max-width: 1024px) 100vw, 1024px\" \/><\/figure>\n\n\n\n<figure class=\"wp-block-image size-large\"><img loading=\"lazy\" decoding=\"async\" width=\"1024\" height=\"682\" src=\"https:\/\/spkielnarowa.pl\/wp-content\/uploads\/2026\/09\/DSC_2060-1024x682.jpg\" alt=\"\" class=\"wp-image-3713\" srcset=\"https:\/\/spkielnarowa.pl\/wp-content\/uploads\/2026\/09\/DSC_2060-1024x682.jpg 1024w, https:\/\/spkielnarowa.pl\/wp-content\/uploads\/2026\/09\/DSC_2060-300x200.jpg 300w, https:\/\/spkielnarowa.pl\/wp-content\/uploads\/2026\/09\/DSC_2060-767x511.jpg 767w, https:\/\/spkielnarowa.pl\/wp-content\/uploads\/2026\/09\/DSC_2060-1536x1023.jpg 1536w, https:\/\/spkielnarowa.pl\/wp-content\/uploads\/2026\/09\/DSC_2060-2048x1364.jpg 2048w\" sizes=\"auto, (max-width: 1024px) 100vw, 1024px\" \/><\/figure>\n\n\n\n<figure class=\"wp-block-image size-large\"><img loading=\"lazy\" decoding=\"async\" width=\"1024\" height=\"682\" src=\"https:\/\/spkielnarowa.pl\/wp-content\/uploads\/2026\/09\/DSC_2069-1024x682.jpg\" alt=\"\" class=\"wp-image-3714\" srcset=\"https:\/\/spkielnarowa.pl\/wp-content\/uploads\/2026\/09\/DSC_2069-1024x682.jpg 1024w, https:\/\/spkielnarowa.pl\/wp-content\/uploads\/2026\/09\/DSC_2069-300x200.jpg 300w, https:\/\/spkielnarowa.pl\/wp-content\/uploads\/2026\/09\/DSC_2069-767x511.jpg 767w, https:\/\/spkielnarowa.pl\/wp-content\/uploads\/2026\/09\/DSC_2069-1536x1023.jpg 1536w, https:\/\/spkielnarowa.pl\/wp-content\/uploads\/2026\/09\/DSC_2069-2048x1364.jpg 2048w\" sizes=\"auto, (max-width: 1024px) 100vw, 1024px\" \/><\/figure>\n\n\n\n<figure class=\"wp-block-image size-large\"><img loading=\"lazy\" decoding=\"async\" width=\"1024\" height=\"682\" src=\"https:\/\/spkielnarowa.pl\/wp-content\/uploads\/2026\/09\/DSC_2072-1024x682.jpg\" alt=\"\" class=\"wp-image-3715\" srcset=\"https:\/\/spkielnarowa.pl\/wp-content\/uploads\/2026\/09\/DSC_2072-1024x682.jpg 1024w, https:\/\/spkielnarowa.pl\/wp-content\/uploads\/2026\/09\/DSC_2072-300x200.jpg 300w, https:\/\/spkielnarowa.pl\/wp-content\/uploads\/2026\/09\/DSC_2072-767x511.jpg 767w, https:\/\/spkielnarowa.pl\/wp-content\/uploads\/2026\/09\/DSC_2072-1536x1023.jpg 1536w, https:\/\/spkielnarowa.pl\/wp-content\/uploads\/2026\/09\/DSC_2072-2048x1364.jpg 2048w\" sizes=\"auto, (max-width: 1024px) 100vw, 1024px\" \/><\/figure>\n\n\n\n<figure class=\"wp-block-image size-large\"><img loading=\"lazy\" decoding=\"async\" width=\"1024\" height=\"682\" src=\"https:\/\/spkielnarowa.pl\/wp-content\/uploads\/2026\/09\/DSC_2280-1024x682.jpg\" alt=\"\" class=\"wp-image-3716\" srcset=\"https:\/\/spkielnarowa.pl\/wp-content\/uploads\/2026\/09\/DSC_2280-1024x682.jpg 1024w, https:\/\/spkielnarowa.pl\/wp-content\/uploads\/2026\/09\/DSC_2280-300x200.jpg 300w, https:\/\/spkielnarowa.pl\/wp-content\/uploads\/2026\/09\/DSC_2280-767x511.jpg 767w, https:\/\/spkielnarowa.pl\/wp-content\/uploads\/2026\/09\/DSC_2280-1536x1023.jpg 1536w, https:\/\/spkielnarowa.pl\/wp-content\/uploads\/2026\/09\/DSC_2280-2048x1364.jpg 2048w\" sizes=\"auto, (max-width: 1024px) 100vw, 1024px\" \/><\/figure>\n\n\n\n<p class=\"wp-block-paragraph\"><\/p>\n","protected":false},"excerpt":{"rendered":"<p>1 wrze\u015bnia, we wtorek, uroczy\u015bcie rozpocz\u0119li\u015bmy nowy rok szkolny 2026\/2027. Ten wyj\u0105tkowy dzie\u0144 rozpocz\u0119li\u015bmy Msz\u0105 \u015awi\u0119t\u0105 w ko\u015bciele parafialnym w Kielnarowej. Nast\u0119pnie ca\u0142a spo\u0142eczno\u015b\u0107 szkolna spotka\u0142a si\u0119 na sali gimnastycznej, gdzie wszystkich serdecznie powita\u0142a Pani Dyrektor. By\u0142a to r\u00f3wnie\u017c okazja do przedstawienia nowych nauczycieli oraz wychowawc\u00f3w klas. Pani Dyrektor powita\u0142a uczni\u00f3w po wakacyjnej przerwie, opowiedzia\u0142a [&hellip;]<\/p>\n","protected":false},"author":6,"featured_media":0,"comment_status":"closed","ping_status":"closed","sticky":false,"template":"","format":"standard","meta":{"ngg_post_thumbnail":0,"footnotes":""},"categories":[5],"tags":[],"class_list":["post-3708","post","type-post","status-publish","format-standard","category-aktualnosci","czr-hentry"],"featured_image_src":"","blog_images":{"medium":"","large":""},"ams_acf":[],"_links":{"self":[{"href":"https:\/\/spkielnarowa.pl\/index.php\/wp-json\/wp\/v2\/posts\/3708","targetHints":{"allow":["GET"]}}],"collection":[{"href":"https:\/\/spkielnarowa.pl\/index.php\/wp-json\/wp\/v2\/posts"}],"about":[{"href":"https:\/\/spkielnarowa.pl\/index.php\/wp-json\/wp\/v2\/types\/post"}],"author":[{"embeddable":true,"href":"https:\/\/spkielnarowa.pl\/index.php\/wp-json\/wp\/v2\/users\/6"}],"replies":[{"embeddable":true,"href":"https:\/\/spkielnarowa.pl\/index.php\/wp-json\/wp\/v2\/comments?post=3708"}],"version-history":[{"count":2,"href":"https:\/\/spkielnarowa.pl\/index.php\/wp-json\/wp\/v2\/posts\/3708\/revisions"}],"predecessor-version":[{"id":3717,"href":"https:\/\/spkielnarowa.pl\/index.php\/wp-json\/wp\/v2\/posts\/3708\/revisions\/3717"}],"wp:attachment":[{"href":"https:\/\/spkielnarowa.pl\/index.php\/wp-json\/wp\/v2\/media?parent=3708"}],"wp:term":[{"taxonomy":"category","embeddable":true,"href":"https:\/\/spkielnarowa.pl\/index.php\/wp-json\/wp\/v2\/categories?post=3708"},{"taxonomy":"post_tag","embeddable":true,"href":"https:\/\/spkielnarowa.pl\/index.php\/wp-json\/wp\/v2\/tags?post=3708"}],"curies":[{"name":"wp","href":"https:\/\/api.w.org\/{rel}","templated":true}]}}